{"id":4435,"date":"2025-07-23T17:59:26","date_gmt":"2025-07-23T17:59:26","guid":{"rendered":"https:\/\/infocplus.com\/how-quebec-childcare-expense-deductions-work\/"},"modified":"2025-07-23T18:11:14","modified_gmt":"2025-07-23T18:11:14","slug":"deductions-frais-de-garde-denfants-frais-de-garde-denfants","status":"publish","type":"post","link":"https:\/\/infocplus.com\/fr\/deductions-frais-de-garde-denfants-frais-de-garde-denfants\/","title":{"rendered":"Comment Fonctionnent les D\u00e9ductions pour Frais de Garde d\u2019Enfants au Qu\u00e9bec : Guide pour les Parents"},"content":{"rendered":"<p data-rm-block-id=\"block-1\">Pour de nombreuses familles qu\u00e9b\u00e9coises, les frais de garde d\u2019enfants repr\u00e9sentent une d\u00e9pense importante. Heureusement, les gouvernements f\u00e9d\u00e9ral et provincial offrent des all\u00e9gements fiscaux sous forme de d\u00e9ductions ou de cr\u00e9dits d\u2019imp\u00f4t pour les frais de garde. Dans cet article, nous vous expliquons comment les parents peuvent r\u00e9clamer ces d\u00e9penses dans leur d\u00e9claration de revenus, avec des exemples concrets pour maximiser vos \u00e9conomies.<\/p>\n<p data-rm-block-id=\"block-2\"><strong>Comprendre les Bases : Qu\u2019est-ce qu\u2019une D\u00e9pense de Garde Admissible?<\/strong><\/p>\n<p data-rm-block-id=\"block-3\">Aux niveaux f\u00e9d\u00e9ral et provincial, les <strong>frais de <a href=\"https:\/\/www.canada.ca\/fr\/agence-revenu\/services\/impot\/renseignements-techniques\/impot-revenu\/folios-impot-revenu\/serie-1-particuliers\/folio-3-questions-liees-a-unite-familiale\/folio-impot-revenu-s1-f3-c1-deduction-frais-garde-enfants.html\" target=\"_blank\" rel=\"noopener\">garde admissibles<\/a><\/strong> incluent :<\/p>\n<ul>\n<li data-rm-block-id=\"block-4\">Les garderies en milieu familial ou en centre de la petite enfance (CPE)<\/li>\n<li data-rm-block-id=\"block-5\">Les pr\u00e9maternelles et jardins d\u2019enfants<\/li>\n<li data-rm-block-id=\"block-6\">Les services de garde apr\u00e8s l\u2019\u00e9cole<\/li>\n<li data-rm-block-id=\"block-7\">Les camps de jour et camps sportifs (enfants de moins de 16 ans)<\/li>\n<li data-rm-block-id=\"block-8\">Les gardiennes et nounous (autres que des membres de la famille)<\/li>\n<li data-rm-block-id=\"block-9\">Les \u00e9coles ou camps avec h\u00e9bergement (sous certaines limites)<\/li>\n<\/ul>\n<p data-rm-block-id=\"block-10\">Les frais doivent avoir \u00e9t\u00e9 engag\u00e9s pour permettre aux parents de <strong>travailler<\/strong>, <strong>exploiter une <a href=\"https:\/\/infocplus.com\/fr\/garder-entreprise-en-bonne-sante-financiere-lannee\/\">entreprise<\/a><\/strong>, <strong>\u00e9tudier<\/strong> ou <strong>faire de la recherche<\/strong>.<\/p>\n<p data-rm-block-id=\"block-11\"><strong>D\u00e9duction F\u00e9d\u00e9rale pour Frais de Garde d\u2019Enfants<\/strong><\/p>\n<p data-rm-block-id=\"block-12\">L\u2019<strong>Agence du revenu du Canada (ARC)<\/strong> permet de d\u00e9duire les frais de garde admissibles du revenu imposable dans la d\u00e9claration de revenus f\u00e9d\u00e9rale (\u00e0 l\u2019aide du formulaire T778).<\/p>\n<div id=\"attachment_4427\" style=\"width: 1546px\" class=\"wp-caption alignleft\"><img decoding=\"async\" aria-describedby=\"caption-attachment-4427\" class=\"lazyload wp-image-4427 size-full\" src=\"https:\/\/infocplus.com\/wp-content\/uploads\/2025\/07\/Quebec-Childcare-Expense.png\" data-orig-src=\"https:\/\/infocplus.com\/wp-content\/uploads\/2025\/07\/Quebec-Childcare-Expense.png\" alt=\"Childcare Expense\" width=\"1536\" height=\"1024\" srcset=\"data:image\/svg+xml,%3Csvg%20xmlns%3D%27http%3A%2F%2Fwww.w3.org%2F2000%2Fsvg%27%20width%3D%271536%27%20height%3D%271024%27%20viewBox%3D%270%200%201536%201024%27%3E%3Crect%20width%3D%271536%27%20height%3D%271024%27%20fill-opacity%3D%220%22%2F%3E%3C%2Fsvg%3E\" data-srcset=\"https:\/\/infocplus.com\/wp-content\/uploads\/2025\/07\/Quebec-Childcare-Expense-200x133.png 200w, https:\/\/infocplus.com\/wp-content\/uploads\/2025\/07\/Quebec-Childcare-Expense-300x200.png 300w, https:\/\/infocplus.com\/wp-content\/uploads\/2025\/07\/Quebec-Childcare-Expense-400x267.png 400w, https:\/\/infocplus.com\/wp-content\/uploads\/2025\/07\/Quebec-Childcare-Expense-600x400.png 600w, https:\/\/infocplus.com\/wp-content\/uploads\/2025\/07\/Quebec-Childcare-Expense-768x512.png 768w, https:\/\/infocplus.com\/wp-content\/uploads\/2025\/07\/Quebec-Childcare-Expense-800x533.png 800w, https:\/\/infocplus.com\/wp-content\/uploads\/2025\/07\/Quebec-Childcare-Expense-1024x683.png 1024w, https:\/\/infocplus.com\/wp-content\/uploads\/2025\/07\/Quebec-Childcare-Expense-1200x800.png 1200w, https:\/\/infocplus.com\/wp-content\/uploads\/2025\/07\/Quebec-Childcare-Expense.png 1536w\" data-sizes=\"auto\" data-orig-sizes=\"(max-width: 1536px) 100vw, 1536px\" \/><p id=\"caption-attachment-4427\" class=\"wp-caption-text\">Childcare Expense<\/p><\/div>\n<p data-rm-block-id=\"block-13\"><strong>Principales R\u00e8gles :<\/strong><\/p>\n<ul>\n<li data-rm-block-id=\"block-14\">C\u2019est g\u00e9n\u00e9ralement le <strong>conjoint ayant le revenu le plus faible<\/strong> qui doit faire la demande.<\/li>\n<li>Montants maximaux d\u00e9ductibles annuellement par enfant :\n<ul>\n<li data-rm-block-id=\"block-15\"><strong>8 000 $<\/strong> pour un enfant de moins de 7 ans<\/li>\n<li data-rm-block-id=\"block-16\"><strong>5 000 $<\/strong> pour un enfant de 7 \u00e0 16 ans<\/li>\n<li data-rm-block-id=\"block-17\"><strong>11 000 $<\/strong> pour un enfant ayant un handicap<\/li>\n<\/ul>\n<\/li>\n<\/ul>\n<p data-rm-block-id=\"block-18\"><strong>Exemple :<\/strong><\/p>\n<p data-rm-block-id=\"block-19\">Caroline et Marc ont un enfant de 4 ans qui fr\u00e9quente une garderie. Caroline gagne 38 000 $ par ann\u00e9e, tandis que Marc gagne 65 000 $. Caroline \u00e9tant celle avec le plus faible revenu, c\u2019est elle qui r\u00e9clame la d\u00e9pense.<\/p>\n<p data-rm-block-id=\"block-20\">S\u2019ils ont pay\u00e9 <strong>9 000 $<\/strong> en frais de garde en 2024, Caroline peut d\u00e9duire <strong>8 000 $<\/strong> (le maximum permis), ce qui peut repr\u00e9senter une \u00e9conomie d\u2019imp\u00f4t de <strong>1 200 $ \u00e0 2 000 $<\/strong> selon son taux marginal.<\/p>\n<p data-rm-block-id=\"block-21\"><strong><a href=\"https:\/\/infocplus.com\/fr\/comment-un-demenagement-au-quebec-peut-affecter-vos-impots\/\">Cr\u00e9dit d\u2019Imp\u00f4t<\/a> du Qu\u00e9bec pour Frais de Garde<\/strong><\/p>\n<p data-rm-block-id=\"block-22\">En plus de la d\u00e9duction f\u00e9d\u00e9rale, <strong>Revenu Qu\u00e9bec<\/strong> offre un <strong>cr\u00e9dit d\u2019imp\u00f4t remboursable pour frais de garde<\/strong>, souvent encore plus avantageux pour les familles \u00e0 revenu faible ou moyen.<\/p>\n<p data-rm-block-id=\"block-23\"><strong>Fonctionnement :<\/strong><\/p>\n<ul>\n<li data-rm-block-id=\"block-24\">Le cr\u00e9dit est calcul\u00e9 en fonction <strong>du revenu familial net<\/strong>.<\/li>\n<li data-rm-block-id=\"block-25\">Il varie de <strong>26 % \u00e0 78 %<\/strong> des frais admissibles.<\/li>\n<li data-rm-block-id=\"block-26\">Contrairement au f\u00e9d\u00e9ral, il n\u2019est <strong>pas n\u00e9cessaire que ce soit le conjoint au revenu le plus faible<\/strong> qui le r\u00e9clame.<\/li>\n<li>Montants admissibles annuellement identiques au f\u00e9d\u00e9ral :\n<ul>\n<li data-rm-block-id=\"block-27\">8 000 $ pour un enfant de moins de 7 ans<\/li>\n<li data-rm-block-id=\"block-28\">5 000 $ pour un enfant de 7 \u00e0 16 ans<\/li>\n<li data-rm-block-id=\"block-29\">11 000 $ pour un enfant handicap\u00e9<\/li>\n<\/ul>\n<\/li>\n<\/ul>\n<p data-rm-block-id=\"block-30\"><strong>Exemple :<\/strong><\/p>\n<p data-rm-block-id=\"block-31\">Caroline et Marc ont un revenu familial combin\u00e9 de <strong>50 000 $<\/strong> et ont pay\u00e9 <strong>9 000 $<\/strong> en frais de garderie.<\/p>\n<p data-rm-block-id=\"block-32\">Selon le cr\u00e9dit qu\u00e9b\u00e9cois :<\/p>\n<ul>\n<li data-rm-block-id=\"block-33\">Ils peuvent r\u00e9clamer <strong>8 000 $<\/strong> (le maximum permis).<\/li>\n<li data-rm-block-id=\"block-34\">Le taux de cr\u00e9dit applicable \u00e0 leur revenu est de <strong>70 %<\/strong>.<\/li>\n<li data-rm-block-id=\"block-35\">Ils recevront donc un remboursement de <strong>5 600 $<\/strong>, m\u00eame s\u2019ils n\u2019ont pas pay\u00e9 d\u2019imp\u00f4t.<\/li>\n<\/ul>\n<p data-rm-block-id=\"block-36\">Ce <strong>cr\u00e9dit remboursable<\/strong> fait du syst\u00e8me qu\u00e9b\u00e9cois l\u2019un des plus g\u00e9n\u00e9reux au Canada.<\/p>\n<p data-rm-block-id=\"block-37\"><strong>Comment R\u00e9clamer les D\u00e9penses<\/strong><\/p>\n<p data-rm-block-id=\"block-38\"><strong>F\u00e9d\u00e9ral :<\/strong><\/p>\n<ul>\n<li data-rm-block-id=\"block-39\">Remplir le <strong>formulaire T778<\/strong> et l\u2019inclure avec votre d\u00e9claration.<\/li>\n<li data-rm-block-id=\"block-40\">Vous devez fournir le <strong>nom, l\u2019adresse et le NAS<\/strong> du fournisseur de service (si applicable).<\/li>\n<\/ul>\n<p data-rm-block-id=\"block-41\"><strong>Qu\u00e9bec :<\/strong><\/p>\n<ul>\n<li data-rm-block-id=\"block-42\">Remplir l\u2019<strong>annexe C<\/strong> de votre d\u00e9claration provinciale.<\/li>\n<li data-rm-block-id=\"block-43\">Si vous avez utilis\u00e9 un service de garde reconnu (ex. : CPE ou garderie subventionn\u00e9e), vous recevrez un <strong>relev\u00e9 24 (RL-24)<\/strong> \u00e0 inclure avec votre d\u00e9claration.<\/li>\n<\/ul>\n<p data-rm-block-id=\"block-44\"><strong>Situations Particuli\u00e8res<\/strong><\/p>\n<ul>\n<li data-rm-block-id=\"block-45\"><strong>Garde partag\u00e9e<\/strong> : Chaque parent peut r\u00e9clamer une portion des d\u00e9penses selon le temps de garde.<\/li>\n<li data-rm-block-id=\"block-46\"><strong>Plusieurs enfants<\/strong> : Les plafonds s\u2019appliquent par enfant, pas pour l\u2019ensemble.<\/li>\n<li data-rm-block-id=\"block-47\"><strong>\u00c9tudiants ou travailleurs autonomes<\/strong> : Des r\u00e8gles sp\u00e9ciales s\u2019appliquent.<\/li>\n<\/ul>\n<p data-rm-block-id=\"block-48\"><strong>Conseils Finaux<\/strong><\/p>\n<ul>\n<li data-rm-block-id=\"block-49\"><strong>Conservez tous vos re\u00e7us<\/strong> et vos RL-24.<\/li>\n<li data-rm-block-id=\"block-50\"><strong>Simulez vos remboursements<\/strong> avec un calculateur en ligne.<\/li>\n<li data-rm-block-id=\"block-51\"><strong>Consultez un comptable<\/strong> pour les situations complexes.<\/li>\n<li data-rm-block-id=\"block-52\">N\u2019oubliez pas que <strong>le cr\u00e9dit du Qu\u00e9bec est remboursable<\/strong>, donc m\u00eame si vous ne payez pas d\u2019imp\u00f4t, vous pouvez recevoir un montant!<\/li>\n<\/ul>\n<p data-rm-block-id=\"block-53\"><strong>Conclusion<\/strong><\/p>\n<p data-rm-block-id=\"block-54\">Les syst\u00e8mes fiscal f\u00e9d\u00e9ral et provincial offrent une aide pr\u00e9cieuse aux familles du Qu\u00e9bec pour all\u00e9ger le fardeau des frais de garde. En connaissant les r\u00e8gles et en conservant vos documents, vous pouvez \u00e9conomiser des milliers de dollars chaque ann\u00e9e. Ne laissez pas ces cr\u00e9dits vous \u00e9chapper\u2014profitez-en pleinement!<\/p>\n","protected":false},"excerpt":{"rendered":"<p>Pour de nombreuses familles qu\u00e9b\u00e9coises, les frais de garde d\u2019enfants [&#8230;]<\/p>\n","protected":false},"author":1,"featured_media":4426,"comment_status":"open","ping_status":"closed","sticky":false,"template":"","format":"standard","meta":{"footnotes":""},"categories":[48],"tags":[96],"class_list":["post-4435","post","type-post","status-publish","format-standard","has-post-thumbnail","hentry","category-taxes-fr","tag-frais-de-garde-denfants"],"_links":{"self":[{"href":"https:\/\/infocplus.com\/fr\/wp-json\/wp\/v2\/posts\/4435","targetHints":{"allow":["GET"]}}],"collection":[{"href":"https:\/\/infocplus.com\/fr\/wp-json\/wp\/v2\/posts"}],"about":[{"href":"https:\/\/infocplus.com\/fr\/wp-json\/wp\/v2\/types\/post"}],"author":[{"embeddable":true,"href":"https:\/\/infocplus.com\/fr\/wp-json\/wp\/v2\/users\/1"}],"replies":[{"embeddable":true,"href":"https:\/\/infocplus.com\/fr\/wp-json\/wp\/v2\/comments?post=4435"}],"version-history":[{"count":0,"href":"https:\/\/infocplus.com\/fr\/wp-json\/wp\/v2\/posts\/4435\/revisions"}],"wp:featuredmedia":[{"embeddable":true,"href":"https:\/\/infocplus.com\/fr\/wp-json\/wp\/v2\/media\/4426"}],"wp:attachment":[{"href":"https:\/\/infocplus.com\/fr\/wp-json\/wp\/v2\/media?parent=4435"}],"wp:term":[{"taxonomy":"category","embeddable":true,"href":"https:\/\/infocplus.com\/fr\/wp-json\/wp\/v2\/categories?post=4435"},{"taxonomy":"post_tag","embeddable":true,"href":"https:\/\/infocplus.com\/fr\/wp-json\/wp\/v2\/tags?post=4435"}],"curies":[{"name":"wp","href":"https:\/\/api.w.org\/{rel}","templated":true}]}}